{"id":886,"date":"2022-05-17T16:54:00","date_gmt":"2022-05-17T21:54:00","guid":{"rendered":"https:\/\/peru-amazonico.de\/?p=886"},"modified":"2024-03-05T19:20:11","modified_gmt":"2024-03-06T00:20:11","slug":"projekt-wissensaustausch-zur-bekampfung-unter-und-fehlernahrung-abgeschlossen","status":"publish","type":"post","link":"https:\/\/peru-amazonico.de\/es\/projekte\/queros\/projekt-wissensaustausch-zur-bekampfung-unter-und-fehlernahrung-abgeschlossen\/","title":{"rendered":"Finalizado proyecto de intercambio de conocimientos para combatir la desnutrici\u00f3n"},"content":{"rendered":"<div class=\"wp-block-image\">\n<figure class=\"alignleft\"><a href=\"https:\/\/www.peru-amazonico.de\/wp-content\/uploads\/2022\/05\/2020-3-10-ofrenda.jpg\"><img decoding=\"async\" data-src=\"https:\/\/www.peru-amazonico.de\/wp-content\/uploads\/2022\/05\/2020-3-10-ofrenda-300x183.jpg\" alt=\"\" class=\"wp-image-5268 lazyload\" src=\"data:image\/gif;base64,R0lGODlhAQABAAAAACH5BAEKAAEALAAAAAABAAEAAAICTAEAOw==\" style=\"--smush-placeholder-width: 300px; --smush-placeholder-aspect-ratio: 300\/183;\" \/><\/a><\/figure>\n<\/div>\n\n\n<p>En un evento final h\u00edbrido el 10 de marzo en Cusco, nuestro proyecto de intercambio de conocimientos, que se lleva a cabo durante 12 meses en el pueblo andino de Queros, Chua Chua, con cofinanciamiento de CADEP, GIZ\/CIM y Amigos del Per\u00fa Amaz\u00f3nico eV. , se concluy\u00f3. Participantes de Queros, el gobierno regional y las organizaciones implementadoras se reunieron en el auditorio del gobierno regional del Cusco. El evento se retransmiti\u00f3 por Internet para que tambi\u00e9n pudieran participar los interesados de Alemania. El acto de clausura inici\u00f3 con la tradicional ofrenda a la Madre Tierra (Pachamama) de los Queros.<\/p>\n\n\n<div class=\"wp-block-image\">\n<figure class=\"alignright\"><a href=\"https:\/\/www.peru-amazonico.de\/wp-content\/uploads\/2022\/05\/2020-3-10-danza.jpg\"><img decoding=\"async\" data-src=\"https:\/\/www.peru-amazonico.de\/wp-content\/uploads\/2022\/05\/2020-3-10-danza-300x200.jpg\" alt=\"\" class=\"wp-image-5269 lazyload\" src=\"data:image\/gif;base64,R0lGODlhAQABAAAAACH5BAEKAAEALAAAAAABAAEAAAICTAEAOw==\" style=\"--smush-placeholder-width: 300px; --smush-placeholder-aspect-ratio: 300\/200;\" \/><\/a><\/figure>\n<\/div>\n\n<div class=\"wp-block-image\">\n<figure class=\"alignright\"><a href=\"https:\/\/www.peru-amazonico.de\/wp-content\/uploads\/2022\/05\/2020-3-10-plantas.jpg\"><img decoding=\"async\" data-src=\"https:\/\/www.peru-amazonico.de\/wp-content\/uploads\/2022\/05\/2020-3-10-plantas-300x194.jpg\" alt=\"\" class=\"wp-image-5270 lazyload\" src=\"data:image\/gif;base64,R0lGODlhAQABAAAAACH5BAEKAAEALAAAAAABAAEAAAICTAEAOw==\" style=\"--smush-placeholder-width: 300px; --smush-placeholder-aspect-ratio: 300\/194;\" \/><\/a><\/figure>\n<\/div>\n\n\n<p>Los resultados del proyecto: se presentaron investigaciones sobre la anemia y la desnutrici\u00f3n en las tierras altas, el establecimiento de un puesto de salud en Chua Chua, el intercambio de conocimientos entre los m\u00e1s de 30 curanderos de la regi\u00f3n, incluida una pel\u00edcula. Todos los involucrados expresaron su agradecimiento por la exitosa implementaci\u00f3n del proyecto. Una demostraci\u00f3n de danzas tradicionales y la presentaci\u00f3n de plantas medicinales tradicionales de los Queros demuestran la vivacidad y cuidado del arte y cultura curativa tradicional.<\/p>\n\n\n\n<p>KMH<\/p>","protected":false},"excerpt":{"rendered":"<p>En un evento final h\u00edbrido el 10 de marzo en Cusco, nuestro proyecto de intercambio de conocimientos, que lleva 12 meses en marcha en el pueblo andino de Queros, Chua Chua, con cofinanciamiento de CADEP, GIZ\/CIM y Amigos del Per\u00fa Amaz\u00f3nico [. ..]<\/p>","protected":false},"author":3,"featured_media":887,"comment_status":"closed","ping_status":"open","sticky":false,"template":"","format":"standard","meta":{"footnotes":""},"categories":[15],"tags":[],"class_list":["post-886","post","type-post","status-publish","format-standard","has-post-thumbnail","hentry","category-queros"],"_links":{"self":[{"href":"https:\/\/peru-amazonico.de\/es\/wp-json\/wp\/v2\/posts\/886","targetHints":{"allow":["GET"]}}],"collection":[{"href":"https:\/\/peru-amazonico.de\/es\/wp-json\/wp\/v2\/posts"}],"about":[{"href":"https:\/\/peru-amazonico.de\/es\/wp-json\/wp\/v2\/types\/post"}],"author":[{"embeddable":true,"href":"https:\/\/peru-amazonico.de\/es\/wp-json\/wp\/v2\/users\/3"}],"replies":[{"embeddable":true,"href":"https:\/\/peru-amazonico.de\/es\/wp-json\/wp\/v2\/comments?post=886"}],"version-history":[{"count":1,"href":"https:\/\/peru-amazonico.de\/es\/wp-json\/wp\/v2\/posts\/886\/revisions"}],"predecessor-version":[{"id":888,"href":"https:\/\/peru-amazonico.de\/es\/wp-json\/wp\/v2\/posts\/886\/revisions\/888"}],"wp:featuredmedia":[{"embeddable":true,"href":"https:\/\/peru-amazonico.de\/es\/wp-json\/wp\/v2\/media\/887"}],"wp:attachment":[{"href":"https:\/\/peru-amazonico.de\/es\/wp-json\/wp\/v2\/media?parent=886"}],"wp:term":[{"taxonomy":"category","embeddable":true,"href":"https:\/\/peru-amazonico.de\/es\/wp-json\/wp\/v2\/categories?post=886"},{"taxonomy":"post_tag","embeddable":true,"href":"https:\/\/peru-amazonico.de\/es\/wp-json\/wp\/v2\/tags?post=886"}],"curies":[{"name":"wp","href":"https:\/\/api.w.org\/{rel}","templated":true}]}}